{"id":7369,"date":"2024-12-19T10:43:05","date_gmt":"2024-12-19T09:43:05","guid":{"rendered":"https:\/\/www.frauenliga.be\/?p=7369"},"modified":"2024-12-19T11:00:02","modified_gmt":"2024-12-19T10:00:02","slug":"pressemitteilung-der-nationalen-plattform","status":"publish","type":"post","link":"https:\/\/www.frauenliga.be\/fr\/aktuelles\/pressemitteilung-der-nationalen-plattform","title":{"rendered":"Pressemitteilung der Nationalen Plattform: Alle zwei Wochen ein Femizid: Handeln die belgischen Beh\u00f6rden entschieden  genug gegen geschlechtsspezifische Gewalt?"},"content":{"rendered":"<p><strong>Die Nationale Plattform der belgischen Zivilgesellschaft<\/strong><\/p>\n<p>Die Nationale Plattform ist eine f\u00f6derale Instanz, die aus f\u00fcnfzehn fl\u00e4mischen, franz\u00f6sischsprachigen und deutschsprachigen Organisationen besteht. Sie \u00fcberwacht und bewertet die Umsetzung des Nationalen Aktionsplans (NAP) zur Bek\u00e4mpfung geschlechtsspezifischer Gewalt in Belgien.<\/p>\n<p><strong>Ihre Aufgaben umfassen:<\/strong><\/p>\n<ul>\n<li><strong>Monitoring:<\/strong> \u00dcberpr\u00fcfung, ob die Ziele des NAP erreicht werden.<\/li>\n<li><strong>Beratung:<\/strong> Formulierung von Empfehlungen f\u00fcr effektive Ma\u00dfnahmen.<\/li>\n<li><strong>Dialog:<\/strong> F\u00f6rderung der Zusammenarbeit zwischen Regierung und Zivilgesellschaft.<\/li>\n<\/ul>\n<p>Die Plattform arbeitet darauf hin, geschlechtsspezifische Gewalt zu bek\u00e4mpfen, den Opferschutz zu st\u00e4rken und eine integrierte Genderperspektive in allen \u00f6ffentlichen Politiken zu verankern. Sie ist eine wichtige Stimme f\u00fcr Gleichstellung und soziale Gerechtigkeit in Belgien.<\/p>\n<p>&nbsp;<\/p>\n<p>&nbsp;<\/p>\n<p>Die repr\u00e4sentative Nationale Plattform der belgischen Zivilgesellschaft ver\u00f6ffentlicht eine Reihe von Empfehlungen zur Umsetzung des NAP 2021\u20132025. Dabei bringt sie ihre gro\u00dfe Besorgnis \u00fcber den Mangel an finanziellen Mitteln f\u00fcr den gemeinn\u00fctzigen Sektor zum Ausdruck \u2013 eine Sorge, die bereits im Evaluationsbericht von GREVIO aus dem Jahr 2020 ge\u00e4u\u00dfert wurde. W\u00e4hrend die Verhandlungen zur Bildung der zuk\u00fcnftigen f\u00f6deralen Regierung laufen, appelliert die Plattform mit<a href=\"https:\/\/www.frauenliga.be\/wp-content\/uploads\/2024\/12\/Pressemitteilung.pdf\"><strong> dieser Pressemitteilung<\/strong><\/a> an die Beh\u00f6rden, dieses wichtige gesellschaftliche Thema auf allen Regierungsebenen zur Priorit\u00e4t zu machen.<\/p>\n<p>&nbsp;<\/p>\n<p><a href=\"https:\/\/www.frauenliga.be\/wp-content\/uploads\/2024\/12\/Pressemitteilung.pdf\">Pressemitteilung<\/a><\/p>\n<p><a href=\"https:\/\/www.frauenliga.be\/wp-content\/uploads\/2024\/12\/EpfehlungenNationalePlattform.pdf\">Wesentliche Empfehlungen der repr\u00e4sentativen Nationalen Plattform der belgischen\u00a0<\/a>Zivilgesellschaft<\/p>\n<p>&nbsp;<\/p>\n<p><em>\u00a0<\/em><\/p>\n<p>&nbsp;<\/p>\n<p>&nbsp;<\/p>\n<p>&nbsp;<\/p>\n<p>&nbsp;<\/p>\n<p>&nbsp;<\/p>\n","protected":false},"excerpt":{"rendered":"Die Nationale Plattform der belgischen Zivilgesellschaft Die Nationale Plattform ist eine f\u00f6derale Instanz, die aus f\u00fcnfzehn fl\u00e4mischen, franz\u00f6sischsprachigen und deutschsprachigen Organisationen besteht. Sie \u00fcberwacht und bewertet die Umsetzung des Nationalen Aktionsplans (NAP) zur Bek\u00e4mpfung geschlechtsspezifischer Gewalt in Belgien. Ihre Aufgaben umfassen: Monitoring: \u00dcberpr\u00fcfung, ob die Ziele des NAP erreicht werden. Beratung: Formulierung von Empfehlungen f\u00fcr&nbsp;&hellip;&nbsp;","protected":false},"author":8,"featured_media":7382,"comment_status":"closed","ping_status":"closed","sticky":false,"template":"","format":"standard","meta":{"_acf_changed":false,"footnotes":""},"categories":[4],"tags":[],"class_list":["post-7369","post","type-post","status-publish","format-standard","has-post-thumbnail","hentry","category-aktuelles"],"acf":[],"_links":{"self":[{"href":"https:\/\/www.frauenliga.be\/fr\/wp-json\/wp\/v2\/posts\/7369","targetHints":{"allow":["GET"]}}],"collection":[{"href":"https:\/\/www.frauenliga.be\/fr\/wp-json\/wp\/v2\/posts"}],"about":[{"href":"https:\/\/www.frauenliga.be\/fr\/wp-json\/wp\/v2\/types\/post"}],"author":[{"embeddable":true,"href":"https:\/\/www.frauenliga.be\/fr\/wp-json\/wp\/v2\/users\/8"}],"replies":[{"embeddable":true,"href":"https:\/\/www.frauenliga.be\/fr\/wp-json\/wp\/v2\/comments?post=7369"}],"version-history":[{"count":7,"href":"https:\/\/www.frauenliga.be\/fr\/wp-json\/wp\/v2\/posts\/7369\/revisions"}],"predecessor-version":[{"id":7388,"href":"https:\/\/www.frauenliga.be\/fr\/wp-json\/wp\/v2\/posts\/7369\/revisions\/7388"}],"wp:featuredmedia":[{"embeddable":true,"href":"https:\/\/www.frauenliga.be\/fr\/wp-json\/wp\/v2\/media\/7382"}],"wp:attachment":[{"href":"https:\/\/www.frauenliga.be\/fr\/wp-json\/wp\/v2\/media?parent=7369"}],"wp:term":[{"taxonomy":"category","embeddable":true,"href":"https:\/\/www.frauenliga.be\/fr\/wp-json\/wp\/v2\/categories?post=7369"},{"taxonomy":"post_tag","embeddable":true,"href":"https:\/\/www.frauenliga.be\/fr\/wp-json\/wp\/v2\/tags?post=7369"}],"curies":[{"name":"wp","href":"https:\/\/api.w.org\/{rel}","templated":true}]}}