{"id":7389,"date":"2024-12-19T13:25:57","date_gmt":"2024-12-19T12:25:57","guid":{"rendered":"https:\/\/www.frauenliga.be\/?p=7389"},"modified":"2024-12-19T13:26:37","modified_gmt":"2024-12-19T12:26:37","slug":"newsletter-ausgabe-12-2024","status":"publish","type":"post","link":"https:\/\/www.frauenliga.be\/fr\/aktuelles\/newsletter-ausgabe-12-2024","title":{"rendered":"Newsletter &#8211; Ausgabe 12\/2024"},"content":{"rendered":"<p>Liebe Leserin, lieber Leser,<\/p>\n<p>die Weihnachtszeit steht vor der T\u00fcr \u2013 eine Zeit, um innezuhalten, Kraft zu tanken und gemeinsam nach vorne zu blicken. In unserem Dezember-Newsletter haben wir f\u00fcr Dich nicht nur wichtige Informationen, sondern auch spannende Neuigkeiten und Aktivit\u00e4ten zusammengestellt.<\/p>\n<p>Eine aktuelle Pressemitteilung der Nationalen Plattform der belgischen Zivilgesellschaft erinnert uns daran, wie wichtig der Einsatz gegen geschlechtsspezifische Gewalt ist. Wir laden Dich ein, die Empfehlungen zu lesen und dieses Thema in Deinem Umfeld sichtbar zu machen.<\/p>\n<p>&nbsp;<\/p>\n<p>Nat\u00fcrlich haben wir auch viele sch\u00f6ne Dinge, auf die Du Dich freuen kannst:<\/p>\n<ul>\n<li><strong>Bingo-Vormittag:<\/strong> Gemeinsam lachen und gewinnen \u2013 komm vorbei!<\/li>\n<li><strong>Sprachen-Caf\u00e9:<\/strong> Tausche Dich in entspannter Atmosph\u00e4re aus und verbessere Deine Sprachkenntnisse.<\/li>\n<li>Die neue <strong>Anna-lyse<\/strong> ist online! Entdecke spannende Artikel und inspirierende Einblicke. Link: <a href=\"https:\/\/www.frauenliga.be\/unser-magazin-anna-lyse\">Unser anna-lyse Magazin : Frauenliga | La vie f\u00e9minine<\/a><\/li>\n<li><strong>Der Weltfrauentag<\/strong> r\u00fcckt n\u00e4her \u2013 bleib gespannt auf die Aktionen, die wir daf\u00fcr vorbereiten!<\/li>\n<li><strong>Vortragsabend \u201eLeben, Lieben, Gesetz: Was wir \u00fcber gerechtes Zusammenleben wissen sollten\u201c<\/strong>: Ein spannender Abend, an dem wir wichtige gesellschaftliche Themen vertiefen.<\/li>\n<\/ul>\n<p>Wir werden <strong>ab Montag, 23.12. bis zum 03. Januar<\/strong> in unseren <strong>Weihnachtsurlaub<\/strong> starten. Das Frauenliga B\u00fcro in Eupen und das Haus der Familie in Kelmis sind w\u00e4hrend dieser Zeit nicht besetzt. Nat\u00fcrlich k\u00f6nnt Ihr Euch zu den Kursen w\u00e4hrenddessen auch weiter Online anmelden. Wir werden alles Bearbeiten, sobald wir im n\u00e4chsten Jahr wieder im B\u00fcro sind.<\/p>\n<p>&nbsp;<\/p>\n<p>Wir w\u00fcnschen Dir eine wundervolle Weihnachtszeit, viel Freude mit Deinen Liebsten und einen gro\u00dfartigen Start ins neue Jahr. Danke, dass Du ein Teil unserer Gemeinschaft bist!<\/p>\n<p>Liebe Gr\u00fc\u00dfe<\/p>\n<p>Nicole Baltus<\/p>\n<p><em>Gesch\u00e4ftsf\u00fchrerin \/ Directrice<\/em><\/p>\n<p>&nbsp;<\/p>\n<p><strong>Link zum Newsletter<\/strong>: <a href=\"https:\/\/www.frauenliga.be\/wp-content\/uploads\/2024\/12\/2024-12_Frauenliga_Newsletter.pdf\">Dezember 2024<\/a><\/p>\n<p>&nbsp;<\/p>\n<p>&nbsp;<\/p>\n<p><em>\u00a0<\/em><\/p>\n<p>&nbsp;<\/p>\n<p>&nbsp;<\/p>\n<p>&nbsp;<\/p>\n<p>&nbsp;<\/p>\n<p>&nbsp;<\/p>\n","protected":false},"excerpt":{"rendered":"Liebe Leserin, lieber Leser, die Weihnachtszeit steht vor der T\u00fcr \u2013 eine Zeit, um innezuhalten, Kraft zu tanken und gemeinsam nach vorne zu blicken. In unserem Dezember-Newsletter haben wir f\u00fcr Dich nicht nur wichtige Informationen, sondern auch spannende Neuigkeiten und Aktivit\u00e4ten zusammengestellt. Eine aktuelle Pressemitteilung der Nationalen Plattform der belgischen Zivilgesellschaft erinnert uns daran, wie&nbsp;&hellip;&nbsp;","protected":false},"author":8,"featured_media":7395,"comment_status":"closed","ping_status":"closed","sticky":false,"template":"","format":"standard","meta":{"_acf_changed":false,"footnotes":""},"categories":[4],"tags":[],"class_list":["post-7389","post","type-post","status-publish","format-standard","has-post-thumbnail","hentry","category-aktuelles"],"acf":[],"_links":{"self":[{"href":"https:\/\/www.frauenliga.be\/fr\/wp-json\/wp\/v2\/posts\/7389","targetHints":{"allow":["GET"]}}],"collection":[{"href":"https:\/\/www.frauenliga.be\/fr\/wp-json\/wp\/v2\/posts"}],"about":[{"href":"https:\/\/www.frauenliga.be\/fr\/wp-json\/wp\/v2\/types\/post"}],"author":[{"embeddable":true,"href":"https:\/\/www.frauenliga.be\/fr\/wp-json\/wp\/v2\/users\/8"}],"replies":[{"embeddable":true,"href":"https:\/\/www.frauenliga.be\/fr\/wp-json\/wp\/v2\/comments?post=7389"}],"version-history":[{"count":2,"href":"https:\/\/www.frauenliga.be\/fr\/wp-json\/wp\/v2\/posts\/7389\/revisions"}],"predecessor-version":[{"id":7394,"href":"https:\/\/www.frauenliga.be\/fr\/wp-json\/wp\/v2\/posts\/7389\/revisions\/7394"}],"wp:featuredmedia":[{"embeddable":true,"href":"https:\/\/www.frauenliga.be\/fr\/wp-json\/wp\/v2\/media\/7395"}],"wp:attachment":[{"href":"https:\/\/www.frauenliga.be\/fr\/wp-json\/wp\/v2\/media?parent=7389"}],"wp:term":[{"taxonomy":"category","embeddable":true,"href":"https:\/\/www.frauenliga.be\/fr\/wp-json\/wp\/v2\/categories?post=7389"},{"taxonomy":"post_tag","embeddable":true,"href":"https:\/\/www.frauenliga.be\/fr\/wp-json\/wp\/v2\/tags?post=7389"}],"curies":[{"name":"wp","href":"https:\/\/api.w.org\/{rel}","templated":true}]}}