{"id":7701,"date":"2025-07-30T09:36:51","date_gmt":"2025-07-30T07:36:51","guid":{"rendered":"https:\/\/www.frauenliga.be\/?p=7701"},"modified":"2025-07-30T09:36:51","modified_gmt":"2025-07-30T07:36:51","slug":"die-frauenliga-ist-teil-von-elenor","status":"publish","type":"post","link":"https:\/\/www.frauenliga.be\/fr\/aktuelles\/die-frauenliga-ist-teil-von-elenor","title":{"rendered":"Die Frauenliga ist Teil von ELENOR"},"content":{"rendered":"<p data-start=\"231\" data-end=\"293\"><strong data-start=\"231\" data-end=\"293\">Ein europ\u00e4isches Netzwerk feministischer Erinnerungskultur<\/strong><\/p>\n<p data-start=\"295\" data-end=\"437\">Mit gro\u00dfer Freude und \u00dcberzeugung teilen wir mit: <strong data-start=\"345\" data-end=\"437\">Die Frauenliga ist ab sofortTeil des Netzwerks ELENOR \u2013 feminist memory in action.<\/strong><\/p>\n<p data-start=\"439\" data-end=\"873\">In vollem Bewusstsein dar\u00fcber, wie wichtig die Sichtbarkeit unseres Wissens, unserer Geschichten und unserer Bewegungen ist, haben wir uns diesem europ\u00e4ischen Zusammenschluss von Frauen-, feministischen und LGBTQIA+-Erinnerungseinrichtungen angeschlossen. Denn wir wissen: Was nicht dokumentiert, bewahrt und erz\u00e4hlt wird, droht in Vergessenheit zu geraten \u2013 und mit ihm die Spuren von K\u00e4mpfen, Errungenschaften und gelebter Vielfalt.<\/p>\n<h3 data-start=\"875\" data-end=\"892\">Warum ELENOR?<\/h3>\n<p data-start=\"894\" data-end=\"1350\"><strong data-start=\"894\" data-end=\"904\">ELENOR<\/strong> steht f\u00fcr ein Netzwerk von Archiven, Bibliotheken, Informationszentren, Museen, Erinnerungsorten, universit\u00e4ren Einrichtungen, Kollektiven und Einzelpersonen aus ganz Europa, die sich f\u00fcr die Bewahrung und Aktivierung emanzipatorischer Erinnerung einsetzen.<br data-start=\"1162\" data-end=\"1165\" \/>Wir verbinden uns \u00fcber <strong data-start=\"1188\" data-end=\"1226\">Grenzen, Generationen und Sprachen<\/strong> hinweg, um Wissen, Praktiken und Erfahrungen zu teilen \u2013 und um neue Formen der feministischen Zusammenarbeit zu gestalten.<\/p>\n<p data-start=\"1352\" data-end=\"1695\">Gerade in Zeiten, in denen demokratische Werte wie <strong data-start=\"1403\" data-end=\"1448\">Gleichheit, Gerechtigkeit und Solidarit\u00e4t<\/strong> zunehmend unter Druck geraten, ist eine vielf\u00e4ltige und plurale Erinnerungskultur wichtiger denn je. Femi<\/p>\n<p>&nbsp;<\/p>\n<p data-start=\"1352\" data-end=\"1695\">nistische, queere, intersektionale und lesbische Wissensr\u00e4ume sind <strong data-start=\"1621\" data-end=\"1642\">keine Randnotizen<\/strong>, sondern Grundpfeiler einer inklusiven Gesellschaft.<\/p>\n<h3 data-start=\"1697\" data-end=\"1726\">Unsere gemeinsame Aufgabe<\/h3>\n<p data-start=\"1728\" data-end=\"2104\">Als Frauenliga blicken wir auf eine lange Geschichte des Engagements f\u00fcr Frauenrechte, Bildung, Sichtbarkeit und soziale Gerechtigkeit zur\u00fcck. Die Mitgliedschaft im Netzwerk ELENOR ist f\u00fcr uns ein logischer und notwendiger Schritt, um unser Wissen, unsere Materialien und unsere Erfahrungen <strong data-start=\"2019\" data-end=\"2103\">nicht nur zu bewahren, sondern aktiv zu teilen, weiterzugeben und weiterzudenken<\/strong>.<\/p>\n<p data-start=\"2106\" data-end=\"2484\">Gemeinsam mit den anderen Netzwerkpartner*innen arbeiten wir an einer <strong data-start=\"2176\" data-end=\"2218\">feministischen digitalen Infrastruktur<\/strong>, die Best\u00e4nde und Ressourcen zug\u00e4nglich macht und eine neue Form des Suchens, Lernens und Erinnerns erm\u00f6glicht. Wir verstehen Erinnerungsarbeit nicht als R\u00fcckblick, sondern als <strong data-start=\"2396\" data-end=\"2425\">zukunftsgerichtete Praxis<\/strong>, die Fragen stellt, Verbindungen schafft und R\u00e4ume \u00f6ffnet.<\/p>\n<h3 data-start=\"2486\" data-end=\"2509\">Wir sind \u00fcberzeugt:<\/h3>\n<blockquote data-start=\"2511\" data-end=\"2605\">\n<p data-start=\"2513\" data-end=\"2605\">Erinnern ist politisch.<\/p>\n<p style=\"letter-spacing: normal;\">\n<p data-start=\"2513\" data-end=\"2605\">Erinnern ist feministisch.<br data-start=\"2567\" data-end=\"2570\" \/>Erinnern ist ein kollektiver Akt.<\/p>\n<\/blockquote>\n<p data-start=\"2607\" data-end=\"2757\"><strong data-start=\"2607\" data-end=\"2617\">ELENOR<\/strong> steht f\u00fcr gelebte Vielfalt, respektvolle Zusammenarbeit und das gemeinsame Ziel, marginalisierte Perspektiven dauerhaft sichtbar zu machen.<\/p>\n<hr data-start=\"2759\" data-end=\"2762\" \/>\n<p data-start=\"2764\" data-end=\"2847\"><strong data-start=\"2764\" data-end=\"2784\">Wir sind ELENOR.<\/strong><br data-start=\"2784\" data-end=\"2787\" \/><strong data-start=\"2787\" data-end=\"2847\">Wir erinnern uns. Wir teilen. Wir gestalten \u2013 gemeinsam.<\/strong><\/p>\n<p data-start=\"2849\" data-end=\"2987\">Mehr zum Netzwerk und<\/p>\n<p style=\"letter-spacing: normal;\">\n<p data-start=\"2849\" data-end=\"2987\">zur gemeinsamen Vision findet ihr auf der offiziellen Website:<br data-start=\"2933\" data-end=\"2936\" \/>\ud83d\udc49 <a class=\"cursor-pointer\" target=\"_new\" rel=\"noopener\" data-start=\"2939\" data-end=\"2987\">www.elenor.network<\/a><\/p>\n<p style=\"margin-bottom: 1rem; letter-spacing: normal;\"><strong data-start=\"345\" data-end=\"437\"><img loading=\"lazy\" decoding=\"async\" width=\"600\" height=\"395\" class=\"alignnone size-full wp-image-7702\" style=\"width: 600px;\" src=\"https:\/\/www.frauenliga.be\/wp-content\/uploads\/2025\/07\/Logo_ELENOR_big-1024x674-1.jpg\" alt=\"\" srcset=\"https:\/\/www.frauenliga.be\/wp-content\/uploads\/2025\/07\/Logo_ELENOR_big-1024x674-1.jpg 1024w, https:\/\/www.frauenliga.be\/wp-content\/uploads\/2025\/07\/Logo_ELENOR_big-1024x674-1-768x506.jpg 768w, https:\/\/www.frauenliga.be\/wp-content\/uploads\/2025\/07\/Logo_ELENOR_big-1024x674-1-150x99.jpg 150w, https:\/\/www.frauenliga.be\/wp-content\/uploads\/2025\/07\/Logo_ELENOR_big-1024x674-1-800x527.jpg 800w, https:\/\/www.frauenliga.be\/wp-content\/uploads\/2025\/07\/Logo_ELENOR_big-1024x674-1-600x395.jpg 600w\" sizes=\"auto, (max-width: 600px) 100vw, 600px\" \/><\/strong><\/p>\n<p><strong data-start=\"345\" data-end=\"437\">\u00a0<\/strong><\/p>\n","protected":false},"excerpt":{"rendered":"Ein europ\u00e4isches Netzwerk feministischer Erinnerungskultur Mit gro\u00dfer Freude und \u00dcberzeugung teilen wir mit: Die Frauenliga ist ab sofortTeil des Netzwerks ELENOR \u2013 feminist memory in action. In vollem Bewusstsein dar\u00fcber, wie wichtig die Sichtbarkeit unseres Wissens, unserer Geschichten und unserer Bewegungen ist, haben wir uns diesem europ\u00e4ischen Zusammenschluss von Frauen-, feministischen und LGBTQIA+-Erinnerungseinrichtungen angeschlossen. Denn&nbsp;&hellip;&nbsp;","protected":false},"author":8,"featured_media":7702,"comment_status":"closed","ping_status":"closed","sticky":false,"template":"","format":"standard","meta":{"_acf_changed":false,"footnotes":""},"categories":[4],"tags":[],"class_list":["post-7701","post","type-post","status-publish","format-standard","has-post-thumbnail","hentry","category-aktuelles"],"acf":[],"_links":{"self":[{"href":"https:\/\/www.frauenliga.be\/fr\/wp-json\/wp\/v2\/posts\/7701","targetHints":{"allow":["GET"]}}],"collection":[{"href":"https:\/\/www.frauenliga.be\/fr\/wp-json\/wp\/v2\/posts"}],"about":[{"href":"https:\/\/www.frauenliga.be\/fr\/wp-json\/wp\/v2\/types\/post"}],"author":[{"embeddable":true,"href":"https:\/\/www.frauenliga.be\/fr\/wp-json\/wp\/v2\/users\/8"}],"replies":[{"embeddable":true,"href":"https:\/\/www.frauenliga.be\/fr\/wp-json\/wp\/v2\/comments?post=7701"}],"version-history":[{"count":1,"href":"https:\/\/www.frauenliga.be\/fr\/wp-json\/wp\/v2\/posts\/7701\/revisions"}],"predecessor-version":[{"id":7705,"href":"https:\/\/www.frauenliga.be\/fr\/wp-json\/wp\/v2\/posts\/7701\/revisions\/7705"}],"wp:featuredmedia":[{"embeddable":true,"href":"https:\/\/www.frauenliga.be\/fr\/wp-json\/wp\/v2\/media\/7702"}],"wp:attachment":[{"href":"https:\/\/www.frauenliga.be\/fr\/wp-json\/wp\/v2\/media?parent=7701"}],"wp:term":[{"taxonomy":"category","embeddable":true,"href":"https:\/\/www.frauenliga.be\/fr\/wp-json\/wp\/v2\/categories?post=7701"},{"taxonomy":"post_tag","embeddable":true,"href":"https:\/\/www.frauenliga.be\/fr\/wp-json\/wp\/v2\/tags?post=7701"}],"curies":[{"name":"wp","href":"https:\/\/api.w.org\/{rel}","templated":true}]}}