{"id":8212,"date":"2026-01-26T09:53:03","date_gmt":"2026-01-26T08:53:03","guid":{"rendered":"https:\/\/www.frauenliga.be\/?p=8212"},"modified":"2026-01-26T09:53:03","modified_gmt":"2026-01-26T08:53:03","slug":"gesucht-wir-brauchen-eure-hilfe-zur-lokalen-frauengeschichte","status":"publish","type":"post","link":"https:\/\/www.frauenliga.be\/fr\/aktuelles\/gesucht-wir-brauchen-eure-hilfe-zur-lokalen-frauengeschichte","title":{"rendered":"GESUCHT \u2013 Wir brauchen Eure Hilfe zur lokalen Frauengeschichte!"},"content":{"rendered":"<p class=\"cvGsUA direction-ltr align-start para-style-body\"><span class=\"a_GcMg font-feature-liga-off font-feature-clig-off font-feature-calt-off text-decoration-none text-strikethrough-none\">Die Geschichte unseres neuen Standortes am Rathausplatz 5 birgt auch eine bemerkenswerte Frauengeschichte, der wir n\u00e4her auf den Grund gehen m\u00f6chten.<\/span><\/p>\n<p class=\"cvGsUA direction-ltr align-start para-style-body\">\n<p class=\"cvGsUA direction-ltr align-start para-style-body\"><span class=\"a_GcMg font-feature-liga-off font-feature-clig-off font-feature-calt-off text-decoration-none text-strikethrough-none\">\u00dcberliefert wird, dass sich in den 1930er-Jahren zwei \u00e4ltere Damen \u2013 m\u00f6glicherweise aus der Familie Zimmermann \u2013 im Besitz der historischen Geb\u00e4ude befanden. W\u00e4hrend der Wintermonate nahmen sie arbeitslose Handwerker aus dem Baugewerbe bei sich auf, versorgten sie und halfen ihnen so durch wirtschaftlich schwierige Zeiten. Im Gegenzug renovierten die Handwerker die Innenr\u00e4ume der H\u00e4user und schm\u00fcckten sie kunstvoll aus.<\/span><\/p>\n<p>&nbsp;<\/p>\n<p><span class=\"a_GcMg font-feature-liga-off font-feature-clig-off font-feature-calt-off text-decoration-none text-strikethrough-none\">Jetzt suchen wir Kontaktpersonen, Erinnerungen, Hinweise und Belege:<\/span><\/p>\n<p>&nbsp;<\/p>\n<p><span class=\"a_GcMg font-feature-liga-off font-feature-clig-off font-feature-calt-off text-decoration-none text-strikethrough-none\">* Habt ihr Verwandte, Bekannte oder Nachbarn, die sich daran erinnern oder dar\u00fcber erz\u00e4hlen k\u00f6nnen?<\/span><\/p>\n<p><span class=\"a_GcMg font-feature-liga-off font-feature-clig-off font-feature-calt-off text-decoration-none text-strikethrough-none\">* Gibt es alte Fotos oder Dokumente zu den Damen?<\/span><\/p>\n<p><span class=\"a_GcMg font-feature-liga-off font-feature-clig-off font-feature-calt-off text-decoration-none text-strikethrough-none\">* Kennt jemand Geschichten, Anekdoten oder Nachweise, die diese Erz\u00e4hlung best\u00e4tigen, erweitern oder genauer einordnen?<\/span><\/p>\n<p class=\"cvGsUA direction-ltr align-start para-style-body\">\n<p class=\"cvGsUA direction-ltr align-start para-style-body\"><span class=\"a_GcMg font-feature-liga-off font-feature-clig-off font-feature-calt-off text-decoration-none text-strikethrough-none\">Bitte teilt Eure Hinweise \u00fcber PN oder per Mail an: <\/span><a class=\"a_GcMg font-feature-liga-off font-feature-clig-off font-feature-calt-off text-decoration-underline text-strikethrough-none\" draggable=\"false\" href=\"mailto:info@frauenliga.be\" target=\"_blank\" rel=\"noopener\">info@frauenliga.be<\/a><\/p>\n<p class=\"cvGsUA direction-ltr align-start para-style-body\">\n<p class=\"cvGsUA direction-ltr align-start para-style-body\"><span class=\"a_GcMg font-feature-liga-off font-feature-clig-off font-feature-calt-off text-decoration-none text-strikethrough-none\">Wir freuen uns \u00fcber jeden Hinweis \u2013 egal wie klein er scheint!<\/span><\/p>\n<p>&nbsp;<\/p>\n","protected":false},"excerpt":{"rendered":"Die Geschichte unseres neuen Standortes am Rathausplatz 5 birgt auch eine bemerkenswerte Frauengeschichte, der wir n\u00e4her auf den Grund gehen m\u00f6chten. \u00dcberliefert wird, dass sich in den 1930er-Jahren zwei \u00e4ltere Damen \u2013 m\u00f6glicherweise aus der Familie Zimmermann \u2013 im Besitz der historischen Geb\u00e4ude befanden. W\u00e4hrend der Wintermonate nahmen sie arbeitslose Handwerker aus dem Baugewerbe bei&nbsp;&hellip;&nbsp;","protected":false},"author":8,"featured_media":8213,"comment_status":"closed","ping_status":"closed","sticky":false,"template":"","format":"standard","meta":{"_acf_changed":false,"footnotes":""},"categories":[4],"tags":[],"class_list":["post-8212","post","type-post","status-publish","format-standard","has-post-thumbnail","hentry","category-aktuelles"],"acf":[],"_links":{"self":[{"href":"https:\/\/www.frauenliga.be\/fr\/wp-json\/wp\/v2\/posts\/8212","targetHints":{"allow":["GET"]}}],"collection":[{"href":"https:\/\/www.frauenliga.be\/fr\/wp-json\/wp\/v2\/posts"}],"about":[{"href":"https:\/\/www.frauenliga.be\/fr\/wp-json\/wp\/v2\/types\/post"}],"author":[{"embeddable":true,"href":"https:\/\/www.frauenliga.be\/fr\/wp-json\/wp\/v2\/users\/8"}],"replies":[{"embeddable":true,"href":"https:\/\/www.frauenliga.be\/fr\/wp-json\/wp\/v2\/comments?post=8212"}],"version-history":[{"count":1,"href":"https:\/\/www.frauenliga.be\/fr\/wp-json\/wp\/v2\/posts\/8212\/revisions"}],"predecessor-version":[{"id":8214,"href":"https:\/\/www.frauenliga.be\/fr\/wp-json\/wp\/v2\/posts\/8212\/revisions\/8214"}],"wp:featuredmedia":[{"embeddable":true,"href":"https:\/\/www.frauenliga.be\/fr\/wp-json\/wp\/v2\/media\/8213"}],"wp:attachment":[{"href":"https:\/\/www.frauenliga.be\/fr\/wp-json\/wp\/v2\/media?parent=8212"}],"wp:term":[{"taxonomy":"category","embeddable":true,"href":"https:\/\/www.frauenliga.be\/fr\/wp-json\/wp\/v2\/categories?post=8212"},{"taxonomy":"post_tag","embeddable":true,"href":"https:\/\/www.frauenliga.be\/fr\/wp-json\/wp\/v2\/tags?post=8212"}],"curies":[{"name":"wp","href":"https:\/\/api.w.org\/{rel}","templated":true}]}}