{"id":5148,"date":"2023-06-26T11:15:32","date_gmt":"2023-06-26T09:15:32","guid":{"rendered":"https:\/\/www.frauenliga.be\/?p=5148"},"modified":"2023-08-04T10:56:22","modified_gmt":"2023-08-04T08:56:22","slug":"individuelles-coaching","status":"publish","type":"post","link":"https:\/\/www.frauenliga.be\/nl\/aktuelles\/individuelles-coaching","title":{"rendered":"Individuelles Coaching"},"content":{"rendered":"<p class=\"_04xlpA direction-ltr align-justify para-style-body\"><span class=\"WdYUQQ text-decoration-none text-strikethrough-none\">Das Projekt \u201eIndividuelles Coaching f\u00fcr Frauen zum Auf- und Ausbau beruflicher Perspektiven\u201c unterst\u00fctzt und begleitet Frauen in unsicherer, schwieriger bzw. problematischer Lage, bei der Orientierung oder Neuorientierung auf dem Arbeitsmarkt, mit dem Ziel, eine qualitativ hochwertige und nachhaltige Arbeit auszu\u00fcben. Es ist f\u00fcr Frauen konzipiert, die noch keine entgeltliche Arbeit aus\u00fcben oder auch Frauen, die bereits arbeiten und sich weiterentwickeln m\u00f6chten.<\/span><\/p>\n<p>&nbsp;<\/p>\n<p><iframe loading=\"lazy\" title=\"YouTube video player\" src=\"https:\/\/www.youtube.com\/embed\/6k_z6yMq6U8\" width=\"560\" height=\"315\" frameborder=\"0\" allowfullscreen=\"allowfullscreen\"><\/iframe><\/p>\n<p><iframe loading=\"lazy\" title=\"YouTube video player\" src=\"https:\/\/www.youtube.com\/embed\/NlTSmJGr_xc\" width=\"560\" height=\"315\" frameborder=\"0\" allowfullscreen=\"allowfullscreen\"><\/iframe><\/p>\n<p><iframe loading=\"lazy\" title=\"YouTube video player\" src=\"https:\/\/www.youtube.com\/embed\/vV0Yy_8Ufqs\" width=\"560\" height=\"315\" frameborder=\"0\" allowfullscreen=\"allowfullscreen\"><\/iframe><\/p>\n<p><iframe loading=\"lazy\" title=\"YouTube video player\" src=\"https:\/\/www.youtube.com\/embed\/ohpINtoHhbs\" width=\"560\" height=\"315\" frameborder=\"0\" allowfullscreen=\"allowfullscreen\"><\/iframe><\/p>\n<p class=\"_04xlpA direction-ltr align-justify para-style-body\"><span class=\"WdYUQQ text-decoration-none text-strikethrough-none\">Weitere Informationen:<\/span><\/p>\n<p class=\"_04xlpA direction-ltr align-justify para-style-body\"><span class=\"WdYUQQ text-decoration-none text-strikethrough-none\">Manuela Barry<\/span><\/p>\n<p class=\"_04xlpA direction-ltr align-justify para-style-body\"><span class=\"WdYUQQ text-decoration-none text-strikethrough-none\">+32 474 36 95 49<\/span><\/p>\n<p class=\"_04xlpA direction-ltr align-justify para-style-body\"><span class=\"WdYUQQ text-decoration-none text-strikethrough-none\">oder<\/span><\/p>\n<p class=\"_04xlpA direction-ltr align-justify para-style-body\"><span class=\"WdYUQQ text-decoration-none text-strikethrough-none\">m.barry@frauenliga.be<\/span><\/p>\n","protected":false},"excerpt":{"rendered":"Das Projekt \u201eIndividuelles Coaching f\u00fcr Frauen zum Auf- und Ausbau beruflicher Perspektiven\u201c unterst\u00fctzt und begleitet Frauen in unsicherer, schwieriger bzw. problematischer Lage, bei der Orientierung oder Neuorientierung auf dem Arbeitsmarkt, mit dem Ziel, eine qualitativ hochwertige und nachhaltige Arbeit auszu\u00fcben. Es ist f\u00fcr Frauen konzipiert, die noch keine entgeltliche Arbeit aus\u00fcben oder auch Frauen, die&nbsp;&hellip;&nbsp;","protected":false},"author":3,"featured_media":5149,"comment_status":"closed","ping_status":"closed","sticky":false,"template":"","format":"standard","meta":{"_acf_changed":false,"footnotes":""},"categories":[4],"tags":[],"class_list":["post-5148","post","type-post","status-publish","format-standard","has-post-thumbnail","hentry","category-aktuelles"],"acf":[],"_links":{"self":[{"href":"https:\/\/www.frauenliga.be\/nl\/wp-json\/wp\/v2\/posts\/5148","targetHints":{"allow":["GET"]}}],"collection":[{"href":"https:\/\/www.frauenliga.be\/nl\/wp-json\/wp\/v2\/posts"}],"about":[{"href":"https:\/\/www.frauenliga.be\/nl\/wp-json\/wp\/v2\/types\/post"}],"author":[{"embeddable":true,"href":"https:\/\/www.frauenliga.be\/nl\/wp-json\/wp\/v2\/users\/3"}],"replies":[{"embeddable":true,"href":"https:\/\/www.frauenliga.be\/nl\/wp-json\/wp\/v2\/comments?post=5148"}],"version-history":[{"count":3,"href":"https:\/\/www.frauenliga.be\/nl\/wp-json\/wp\/v2\/posts\/5148\/revisions"}],"predecessor-version":[{"id":5195,"href":"https:\/\/www.frauenliga.be\/nl\/wp-json\/wp\/v2\/posts\/5148\/revisions\/5195"}],"wp:featuredmedia":[{"embeddable":true,"href":"https:\/\/www.frauenliga.be\/nl\/wp-json\/wp\/v2\/media\/5149"}],"wp:attachment":[{"href":"https:\/\/www.frauenliga.be\/nl\/wp-json\/wp\/v2\/media?parent=5148"}],"wp:term":[{"taxonomy":"category","embeddable":true,"href":"https:\/\/www.frauenliga.be\/nl\/wp-json\/wp\/v2\/categories?post=5148"},{"taxonomy":"post_tag","embeddable":true,"href":"https:\/\/www.frauenliga.be\/nl\/wp-json\/wp\/v2\/tags?post=5148"}],"curies":[{"name":"wp","href":"https:\/\/api.w.org\/{rel}","templated":true}]}}